{"id":910,"date":"2026-04-23T22:18:03","date_gmt":"2026-04-23T22:18:03","guid":{"rendered":"https:\/\/itaca.ai\/?p=910"},"modified":"2026-04-23T22:18:05","modified_gmt":"2026-04-23T22:18:05","slug":"elementos-exame-fisico-pediatrico","status":"publish","type":"post","link":"https:\/\/itaca.ai\/pt\/guides\/elementos-examen-fisico-pediatrico\/","title":{"rendered":"Elementos essenciais do exame f\u00edsico pedi\u00e1trico: Garantia de documenta\u00e7\u00e3o cl\u00ednica completa"},"content":{"rendered":"<p class=\"\"><\/p>\n\n\n\n<p class=\"\">Mais de 30 por cento das anota\u00e7\u00f5es cl\u00ednicas pedi\u00e1tricas na Am\u00e9rica Latina apresentam erros de documenta\u00e7\u00e3o que podem atrasar diagn\u00f3sticos e complicar decis\u00f5es m\u00e9dicas. Para pediatras e residentes, otimizar a efici\u00eancia no exame f\u00edsico \u00e9 fundamental para oferecer melhor aten\u00e7\u00e3o e reduzir falhas. Este artigo demonstra como aprimorar a avalia\u00e7\u00e3o f\u00edsica e o registro cl\u00ednico utilizando ferramentas digitais, auxiliando na transforma\u00e7\u00e3o da pr\u00e1tica cotidiana e na melhoria dos resultados para cada paciente.<\/p>\n\n\n\n<h2 class=\"wp-block-heading\" id=\"tabla-de-contenidos\">\u00cdndice<\/h2>\n\n\n\n<ul class=\"wp-block-list\">\n<li class=\"\"><a href=\"#concepto-y-proposito-del-examen-fisico-pediatrico\" rel=\"nofollow\">Conceito e prop\u00f3sito do exame f\u00edsico pedi\u00e1trico<\/a><\/li>\n\n\n\n<li class=\"\"><a href=\"#variaciones-segun-la-edad-y-etapas-de-desarrollo\" rel=\"nofollow\">Varia\u00e7\u00f5es de acordo com a idade e fases de desenvolvimento<\/a><\/li>\n\n\n\n<li class=\"\"><a href=\"#secuencia-recomendada-y-tecnicas-exploratorias\" rel=\"nofollow\">Sequ\u00eancia recomendada e t\u00e9cnicas explorat\u00f3rias<\/a><\/li>\n\n\n\n<li class=\"\"><a href=\"#registro-objetivo-y-subjetivo-para-la-nota-clinica\" rel=\"nofollow\">Registro objetivo e subjetivo para a nota cl\u00ednica<\/a><\/li>\n\n\n\n<li class=\"\"><a href=\"#errores-frecuentes-y-como-evitarlos\" rel=\"nofollow\">Erros comuns e como evit\u00e1-los<\/a><\/li>\n\n\n\n<li class=\"\"><a href=\"#impacto-en-la-atencion-y-toma-de-decisiones\" rel=\"nofollow\">Impacto na aten\u00e7\u00e3o e tomada de decis\u00f5es<\/a><\/li>\n<\/ul>\n\n\n\n<h2 class=\"wp-block-heading\" id=\"conclusiones-clave\">Principais conclus\u00f5es<\/h2>\n\n\n\n<figure class=\"wp-block-table\"><table class=\"has-fixed-layout\"><thead><tr><th>Ponto<\/th><th>Detalhes<\/th><\/tr><\/thead><tbody><tr><td><strong>Import\u00e2ncia do Exame F\u00edsico Pedi\u00e1trico<\/strong><\/td><td>\u00c9 fundamental para avaliar o estado integral de sa\u00fade da crian\u00e7a e detectar problemas cl\u00ednicos precocemente.<\/td><\/tr><tr><td><strong>Varia\u00e7\u00f5es por Idade<\/strong><\/td><td>Cada etapa do desenvolvimento requer uma abordagem espec\u00edfica na avalia\u00e7\u00e3o f\u00edsica, adaptando-se \u00e0s caracter\u00edsticas da crian\u00e7a.<\/td><\/tr><tr><td><strong>T\u00e9cnicas Explorat\u00f3rias<\/strong><\/td><td>S\u00e3o utilizados quatro m\u00e9todos: inspe\u00e7\u00e3o, palpa\u00e7\u00e3o, percuss\u00e3o e ausculta, cada um com um prop\u00f3sito complementar para o diagn\u00f3stico.<\/td><\/tr><tr><td><strong>Erros Comuns e Preven\u00e7\u00e3o<\/strong><\/td><td>Os erros no exame f\u00edsico podem comprometer a aten\u00e7\u00e3o; protocolos padronizados e pr\u00e1ticas de comunica\u00e7\u00e3o eficazes devem ser implementados para evitar problemas.<\/td><\/tr><\/tbody><\/table><\/figure>\n\n\n\n<h2 class=\"wp-block-heading\" id=\"concepto-y-proposito-del-examen-fisico-pediatrico\">Conceito e prop\u00f3sito do exame f\u00edsico pedi\u00e1trico<\/h2>\n\n\n\n<p class=\"\">O exame f\u00edsico pedi\u00e1trico constitui uma ferramenta diagn\u00f3stica fundamental para avaliar o estado de sa\u00fade integral de uma crian\u00e7a. <a href=\"https:\/\/medlineplus.gov\/spanish\/ency\/article\/002274.htm\" rel=\"nofollow\">Segundo o MedlinePlus, durante este procedimento o m\u00e9dico examina o corpo da crian\u00e7a para determinar a presen\u00e7a de poss\u00edveis problemas f\u00edsicos.<\/a>, empregando t\u00e9cnicas espec\u00edficas como inspe\u00e7\u00e3o, palpa\u00e7\u00e3o, ausculta\u00e7\u00e3o e percuss\u00e3o.<\/p>\n\n\n\n<p class=\"\">A avalia\u00e7\u00e3o f\u00edsica vai al\u00e9m de uma simples revis\u00e3o superficial. <a href=\"https:\/\/adolescenciasema.org\/ficheros\/articulosparaprofesionales\/documentos\/Medicinadelaadolescencia\/2%20Entrevista%20y%20Ex.fisico.pdf\" rel=\"nofollow\">Representa um processo sistem\u00e1tico que permite ao profissional coletar informa\u00e7\u00f5es cl\u00ednicas cruciais para detectar problemas de sa\u00fade.<\/a>. Cada explora\u00e7\u00e3o \u00e9 projetada considerando as caracter\u00edsticas espec\u00edficas do desenvolvimento da crian\u00e7a, o que garante uma avalia\u00e7\u00e3o precisa e adaptada \u00e0 sua fase evolutiva.<\/p>\n\n\n\n<p class=\"\">Os objetivos principais do exame f\u00edsico pedi\u00e1trico incluem:<\/p>\n\n\n\n<ul class=\"wp-block-list\">\n<li class=\"\">Avaliar o estado geral de sa\u00fade do paciente<\/li>\n\n\n\n<li class=\"\">Detectar precocemente condi\u00e7\u00f5es cl\u00ednicas<\/li>\n\n\n\n<li class=\"\">Monitorar o crescimento e desenvolvimento infantil<\/li>\n\n\n\n<li class=\"\">Estabelecer uma linha de base para futuras compara\u00e7\u00f5es<\/li>\n\n\n\n<li class=\"\">Construir uma rela\u00e7\u00e3o de confian\u00e7a m\u00e9dico-paciente<\/li>\n<\/ul>\n\n\n\n<p class=\"\">Cada elemento do exame fornece informa\u00e7\u00f5es valiosas: desde a colora\u00e7\u00e3o da pele at\u00e9 o t\u00f4nus muscular, passando pela ausculta cardiopulmonar e pela avalia\u00e7\u00e3o neurol\u00f3gica. A integra\u00e7\u00e3o desses dados permite um diagn\u00f3stico completo e personalizado.<\/p>\n\n\n\n<p class=\"\"><em><strong>Aconselhamento profissional:<\/strong><\/em> <em>Prepara a crian\u00e7a previamente explicando cada etapa do exame de maneira simples e amig\u00e1vel para reduzir a ansiedade e facilitar uma explora\u00e7\u00e3o mais eficaz.<\/em><\/p>\n\n\n\n<h2 class=\"wp-block-heading\" id=\"variaciones-segun-la-edad-y-etapas-de-desarrollo\">Varia\u00e7\u00f5es de acordo com a idade e fases de desenvolvimento<\/h2>\n\n\n\n<p class=\"\"><a href=\"https:\/\/medlineplus.gov\/spanish\/pruebas-de-laboratorio\/pruebas-de-evaluacion-del-desarrollo-y-el-comportamiento\/\" rel=\"nofollow\">As provas de avalia\u00e7\u00e3o do desenvolvimento pedi\u00e1trico<\/a> representam uma ferramenta fundamental para a compreens\u00e3o do progresso integral da crian\u00e7a em diferentes momentos de seu crescimento. Cada etapa de desenvolvimento requer uma abordagem espec\u00edfica e personalizada, considerando as mudan\u00e7as f\u00edsicas, neurol\u00f3gicas e comportamentais que os pacientes vivenciam.<\/p>\n\n\n\n<figure class=\"wp-block-image is-resized\"><img data-recalc-dims=\"1\" decoding=\"async\" src=\"https:\/\/i0.wp.com\/csuxjmfbwmkxiegfpljm.supabase.co\/storage\/v1\/object\/public\/blog-images\/organization-66\/1766999743602_infografia-sobre-examen-fisico-pediatrico-por-edad_VmGLqyC0A-cO4CBZwf44d.png?ssl=1\" alt=\"Guia visual do exame f\u00edsico infantil por est\u00e1gio de desenvolvimento\" style=\"aspect-ratio:1.5000224931395925;width:770px;height:auto\"\/><\/figure>\n\n\n\n<p class=\"\"><\/p>\n\n\n\n<p class=\"\">Desde o rec\u00e9m-nascido at\u00e9 a adolesc\u00eancia, o exame f\u00edsico se transforma, adaptando-se \u00e0s caracter\u00edsticas \u00fanicas de cada per\u00edodo. Durante a primeira inf\u00e2ncia, a avalia\u00e7\u00e3o foca em marcos como o controle cef\u00e1lico, a capacidade de sentar e o desenvolvimento motor grosso. <a href=\"http:\/\/www.saludinfantil.org\/Programa_Salud_Infantil\/Programa_Salud_Infantil\/3.-%20Capitulo%203.-Control_Salud_Infantil_Por%20edad.pdf\" rel=\"nofollow\">Segundo os programas de supervis\u00e3o de sa\u00fade infantil<\/a>, estes elementos s\u00e3o cruciais para detectar potenciais atrasos ou altera\u00e7\u00f5es no desenvolvimento.<\/p>\n\n\n\n<p class=\"\">As varia\u00e7\u00f5es mais significativas no exame f\u00edsico pedi\u00e1trico podem ser classificadas de acordo com as seguintes faixas et\u00e1rias:<\/p>\n\n\n\n<ul class=\"wp-block-list\">\n<li class=\"\"><br><p><strong>Rec\u00e9m-nascidos (0-2 meses)<\/strong>\u2013 Avalia\u00e7\u00e3o de reflexos primitivos\n\u2013 Controle de peso e per\u00edmetro cef\u00e1lico\n\u2013 Avalia\u00e7\u00e3o da resposta neurol\u00f3gica<\/p><br><\/li>\n\n\n\n<li class=\"\"><p><strong>Lactantes (2-12 meses)<\/strong>:<\/p>\n<ul class=\"wp-block-list\">\n<li class=\"\">Acompanhamento de Marcos Motores<\/li>\n\n\n\n<li class=\"\">Avalia\u00e7\u00e3o do t\u00f4nus muscular<\/li>\n\n\n\n<li class=\"\">Desenvolvimento de comunica\u00e7\u00e3o<\/li>\n<\/ul>\n<\/li>\n\n\n\n<li class=\"\"><p><strong>Pr\u00e9-escolares (3-5 anos)<\/strong>:<\/p>\n<ul class=\"wp-block-list\">\n<li class=\"\">Controle do desenvolvimento da linguagem<\/li>\n\n\n\n<li class=\"\">Avalia\u00e7\u00e3o de Habilidades Motoras Finas<\/li>\n\n\n\n<li class=\"\">Primeira aproxima\u00e7\u00e3o a testes cognitivos simples<\/li>\n<\/ul>\n<\/li>\n\n\n\n<li class=\"\"><p><strong>Escolares (6-12 anos)<\/strong>:<\/p>\n<ul class=\"wp-block-list\">\n<li class=\"\">Avalia\u00e7\u00e3o postural<\/li>\n\n\n\n<li class=\"\">Desenvolvimento muscular<\/li>\n\n\n\n<li class=\"\">Avalia\u00e7\u00f5es mais complexas de coordena\u00e7\u00e3o<\/li>\n<\/ul>\n<\/li>\n\n\n\n<li class=\"\"><p><strong>Adolescentes (13-18 anos)<\/strong>:<\/p>\n<ul class=\"wp-block-list\">\n<li class=\"\">Controle de mudan\u00e7as hormonais<\/li>\n\n\n\n<li class=\"\">Desenvolvimento sexual<\/li>\n\n\n\n<li class=\"\">Avalia\u00e7\u00f5es psicossociais<\/li>\n<\/ul>\n<\/li>\n<\/ul>\n\n\n\n<p class=\"\">Cada etapa requer t\u00e9cnicas espec\u00edficas de explora\u00e7\u00e3o, instrumentos de avalia\u00e7\u00e3o diferenciados e uma abordagem que considere n\u00e3o apenas o f\u00edsico, mas tamb\u00e9m o psicol\u00f3gico e o social. O profissional deve adaptar sua metodologia para obter as informa\u00e7\u00f5es mais precisas e significativas.<\/p>\n\n\n\n<p class=\"\">A seguir, resume-se como as abordagens do exame f\u00edsico pedi\u00e1trico variam de acordo com a fase de desenvolvimento:<\/p>\n\n\n\n<figure class=\"wp-block-table\"><table class=\"has-fixed-layout\"><thead><tr><th>Etapa de desenvolvimento<\/th><th>Avalia\u00e7\u00e3o priorit\u00e1ria<\/th><th>Intera\u00e7\u00e3o recomendada<\/th><th>Instrumentos chave<\/th><\/tr><\/thead><tbody><tr><td>Rec\u00e9m-nascidos<\/td><td>Reflexos primitivos<\/td><td>Contato delicado<\/td><td>Term\u00f4metro, fita m\u00e9trica<\/td><\/tr><tr><td>Lactantes<\/td><td>Marcos motores iniciais<\/td><td>Est\u00edmulos visuais e verbais<\/td><td>Estetosc\u00f3pio pedi\u00e1trico<\/td><\/tr><tr><td>Educandos em idade pr\u00e9-escolar<\/td><td>Desenvolvimento da linguagem<\/td><td>Jogos de reconhecimento<\/td><td>L\u00e2mpada de explora\u00e7\u00e3o<\/td><\/tr><tr><td>Escolares<\/td><td>Coordena\u00e7\u00e3o motora<\/td><td>Conversa simples<\/td><td>Martelo neurol\u00f3gico<\/td><\/tr><tr><td>Adolescentes<\/td><td>Altera\u00e7\u00f5es hormonais<\/td><td>Entrevista confidencial<\/td><td>Esfigmoman\u00f4metro infantil<\/td><\/tr><\/tbody><\/table><\/figure>\n\n\n\n<p class=\"\"><em><strong>Aconselhamento profissional:<\/strong><\/em> <em>Mantenha um registro detalhado dos marcos de desenvolvimento em cada consulta para identificar precocemente quaisquer varia\u00e7\u00f5es significativas.<\/em><\/p>\n\n\n\n<h2 class=\"wp-block-heading\" id=\"secuencia-recomendada-y-tecnicas-exploratorias\">Sequ\u00eancia recomendada e t\u00e9cnicas explorat\u00f3rias<\/h2>\n\n\n\n<p class=\"\">As t\u00e9cnicas explorat\u00f3rias no exame f\u00edsico pedi\u00e1trico constituem um conjunto sistem\u00e1tico de procedimentos projetados para avaliar de forma abrangente a condi\u00e7\u00e3o de sa\u00fade da crian\u00e7a. Essas t\u00e9cnicas incluem quatro m\u00e9todos fundamentais: inspe\u00e7\u00e3o, palpa\u00e7\u00e3o, percuss\u00e3o e ausculta\u00e7\u00e3o, cada um com um prop\u00f3sito espec\u00edfico e complementar para obter informa\u00e7\u00f5es diagn\u00f3sticas precisas.<\/p>\n\n\n\n<figure class=\"wp-block-image is-resized\"><img data-recalc-dims=\"1\" decoding=\"async\" src=\"https:\/\/i0.wp.com\/csuxjmfbwmkxiegfpljm.supabase.co\/storage\/v1\/object\/public\/blog-images\/organization-66\/1766999713115_image_1766999712887.png?ssl=1\" alt=\"Uma enfermeira examina as pupilas de uma menina para verificar seu reflexo.\" style=\"aspect-ratio:1.7500196814233606;width:737px;height:auto\"\/><\/figure>\n\n\n\n<p class=\"\"><\/p>\n\n\n\n<p class=\"\"><a href=\"https:\/\/www.redalyc.org\/pdf\/2310\/231026306001.pdf\" rel=\"nofollow\">O Tri\u00e2ngulo de Avalia\u00e7\u00e3o Pedi\u00e1trica<\/a> oferece uma estrat\u00e9gia inicial r\u00e1pida que prioriza a observa\u00e7\u00e3o de tr\u00eas elementos cr\u00edticos: apar\u00eancia, respira\u00e7\u00e3o e circula\u00e7\u00e3o. Esta metodologia permite ao profissional realizar uma avalia\u00e7\u00e3o instant\u00e2nea do estado cl\u00ednico do paciente, estabelecendo prioridades e orientando a explora\u00e7\u00e3o subsequente.<\/p>\n\n\n\n<p class=\"\">A sequ\u00eancia recomendada para a realiza\u00e7\u00e3o de um exame f\u00edsico pedi\u00e1trico compreende as seguintes t\u00e9cnicas explorat\u00f3rias:<\/p>\n\n\n\n<ol class=\"wp-block-list\">\n<li class=\"\"><p><strong>Inspe\u00e7\u00e3o<\/strong>:<\/p>\n<ul class=\"wp-block-list\">\n<li class=\"\">Avalia\u00e7\u00e3o visual geral<\/li>\n\n\n\n<li class=\"\">Observa\u00e7\u00e3o da postura e do movimento<\/li>\n\n\n\n<li class=\"\">An\u00e1lise de Cor de Pele<\/li>\n\n\n\n<li class=\"\">Avalia\u00e7\u00e3o de Express\u00e3o Facial<\/li>\n<\/ul>\n<\/li>\n\n\n\n<li class=\"\"><p><strong>Palpa\u00e7\u00e3o<\/strong>:<\/p>\n<ul class=\"wp-block-list\">\n<li class=\"\">Explora\u00e7\u00e3o da consist\u00eancia de tecidos<\/li>\n\n\n\n<li class=\"\">Dete\u00e7\u00e3o de massas ou irregularidades<\/li>\n\n\n\n<li class=\"\">Avalia\u00e7\u00e3o de temperatura corporal<\/li>\n\n\n\n<li class=\"\">Avalia\u00e7\u00e3o dos linfonodos<\/li>\n<\/ul>\n<\/li>\n\n\n\n<li class=\"\"><p><strong>Percuss\u00e3o<\/strong>:<\/p>\n<ul class=\"wp-block-list\">\n<li class=\"\">Avalia\u00e7\u00e3o da sonoridade de \u00f3rg\u00e3os<\/li>\n\n\n\n<li class=\"\">Detec\u00e7\u00e3o de espa\u00e7os preenchidos ou vazios<\/li>\n\n\n\n<li class=\"\">An\u00e1lise de limites anat\u00f4micos<\/li>\n\n\n\n<li class=\"\">Avalia\u00e7\u00e3o de estruturas internas<\/li>\n<\/ul>\n<\/li>\n\n\n\n<li class=\"\"><p><strong>Ausculta<\/strong>:<\/p>\n<ul class=\"wp-block-list\">\n<li class=\"\">Ausculta dos batimentos card\u00edacos<\/li>\n\n\n\n<li class=\"\">Avalia\u00e7\u00e3o de sons pulmonares<\/li>\n\n\n\n<li class=\"\">Detec\u00e7\u00e3o de ru\u00eddos intestinais<\/li>\n\n\n\n<li class=\"\">An\u00e1lise de frequ\u00eancia e ritmo<\/li>\n<\/ul>\n<\/li>\n<\/ol>\n\n\n\n<p class=\"\">\u00c9 fundamental lembrar que esta sequ\u00eancia n\u00e3o \u00e9 r\u00edgida e deve ser adaptada conforme a idade do paciente, seu estado cl\u00ednico e n\u00edvel de colabora\u00e7\u00e3o. O profissional deve manter uma atitude flex\u00edvel e emp\u00e1tica, gerando um ambiente de confian\u00e7a que permita uma explora\u00e7\u00e3o completa e efetiva.<\/p>\n\n\n\n<p class=\"\">Cada t\u00e9cnica requer uma abordagem espec\u00edfica em pediatria, considerando a fragilidade e sensibilidade do paciente. A comunica\u00e7\u00e3o clara, o toque gentil e a explica\u00e7\u00e3o pr\u00e9via de cada passo s\u00e3o cruciais para garantir a coopera\u00e7\u00e3o da crian\u00e7a durante o exame.<\/p>\n\n\n\n<p class=\"\"><em><strong>Aconselhamento profissional:<\/strong><\/em> <em>Inicie sempre o exame com as t\u00e9cnicas menos invasivas para gerar confian\u00e7a e reduzir a ansiedade do paciente pedi\u00e1trico.<\/em><\/p>\n\n\n\n<h2 class=\"wp-block-heading\" id=\"registro-objetivo-y-subjetivo-para-la-nota-clinica\">Registro objetivo e subjetivo para a nota cl\u00ednica<\/h2>\n\n\n\n<p class=\"\"><a href=\"https:\/\/docs.bvsalud.org\/biblioref\/2021\/03\/1147279\/6445-es.pdf\" rel=\"nofollow\">Os registros cl\u00ednicos pedi\u00e1tricos exigem documenta\u00e7\u00e3o detalhada.<\/a> que integre tanto informa\u00e7\u00f5es objetivas quanto subjetivas para garantir uma compreens\u00e3o abrangente do estado de sa\u00fade do paciente. Essa abordagem hol\u00edstica permite que os profissionais de sa\u00fade capturem n\u00e3o apenas as medi\u00e7\u00f5es quantific\u00e1veis, mas tamb\u00e9m as experi\u00eancias e percep\u00e7\u00f5es \u00fanicas de cada crian\u00e7a e sua fam\u00edlia.<\/p>\n\n\n\n<p class=\"\"><\/p>\n\n\n\n<div style=\"position: relative; width: 100%; height: 400px;\">\n             <iframe src=\"https:\/\/www.youtube.com\/embed\/BxF89aWKLK4\" title=\"V\u00eddeo do YouTube\" style=\"position: absolute; left: 0; top: 0; height: 100%; width: 100%; border: none;\" allow=\"accelerometer; autoplay; clipboard-write; encrypted-media; gyroscope; picture-in-picture\" allowfullscreen=\"\"><\/iframe>\n          <\/div>\n\n\n\n<p class=\"\"><\/p>\n\n\n\n<p class=\"\"><a href=\"https:\/\/www.medicinaconductual-unam-fesi.org\/uploads\/1\/0\/3\/4\/103420148\/elaboraci%C3%B3n_de_nota_soap_y_examen_mental.pdf\" rel=\"nofollow\">A estrutura SOAP representa um m\u00e9todo padronizado para organizar informa\u00e7\u00f5es cl\u00ednicas.<\/a>, dividindo sistematicamente os registros em componentes espec\u00edficos que asseguram uma documenta\u00e7\u00e3o completa e precisa. Esta metodologia permite uma avalia\u00e7\u00e3o exaustiva que facilita a continuidade assistencial e a tomada de decis\u00f5es m\u00e9dicas informadas.<\/p>\n\n\n\n<p class=\"\">Os elementos fundamentais do registro objetivo incluem:<\/p>\n\n\n\n<ul class=\"wp-block-list\">\n<li class=\"\"><p>Medi\u00e7\u00f5es quantitativas:<\/p>\n<ul class=\"wp-block-list\">\n<li class=\"\">Peso<\/li>\n\n\n\n<li class=\"\">Tamanho<\/li>\n\n\n\n<li class=\"\">Per\u00edmetro cef\u00e1lico<\/li>\n\n\n\n<li class=\"\">Sinais vitais<\/li>\n\n\n\n<li class=\"\">Valores de laborat\u00f3rio<\/li>\n<\/ul>\n<\/li>\n\n\n\n<li class=\"\"><p>Observa\u00e7\u00f5es F\u00edsicas:<\/p>\n<ul class=\"wp-block-list\">\n<li class=\"\">Cor da pele<\/li>\n\n\n\n<li class=\"\">T\u00f4nus muscular<\/li>\n\n\n\n<li class=\"\">Reflexos neurol\u00f3gicos<\/li>\n\n\n\n<li class=\"\">Estado de hidrata\u00e7\u00e3o<\/li>\n\n\n\n<li class=\"\">Desenvolvimento motor<\/li>\n<\/ul>\n<\/li>\n<\/ul>\n\n\n\n<p class=\"\">Por outro lado, o registro subjetivo contempla:<\/p>\n\n\n\n<ul class=\"wp-block-list\">\n<li class=\"\"><p>Informa\u00e7\u00f5es fornecidas por:<\/p>\n<ul class=\"wp-block-list\">\n<li class=\"\">Padres ou tutores<\/li>\n\n\n\n<li class=\"\">O pr\u00f3prio paciente (conforme sua idade)<\/li>\n\n\n\n<li class=\"\">Cuidador principal<\/li>\n<\/ul>\n<\/li>\n\n\n\n<li class=\"\"><p>Aspectos a serem documentados:<\/p>\n<ul class=\"wp-block-list\">\n<li class=\"\">Sintomas referidos<\/li>\n\n\n\n<li class=\"\">Preocupa\u00e7\u00f5es familiares<\/li>\n\n\n\n<li class=\"\">Mudan\u00e7as percebidas no comportamento<\/li>\n\n\n\n<li class=\"\">Hist\u00f3rico de sintomas<\/li>\n\n\n\n<li class=\"\">Contexto Emocional e Social<\/li>\n<\/ul>\n<\/li>\n<\/ul>\n\n\n\n<p class=\"\">A integra\u00e7\u00e3o harmoniosa de dados objetivos e subjetivos permite uma avalia\u00e7\u00e3o multidimensional que vai al\u00e9m de simples medi\u00e7\u00f5es f\u00edsicas. Cada registro se torna uma narrativa cl\u00ednica que captura a complexidade do estado de sa\u00fade infantil, considerando aspectos biom\u00e9dicos, psicol\u00f3gicos e sociais.<\/p>\n\n\n\n<p class=\"\">\u00c9 crucial que o profissional desenvolva habilidades para coletar e sintetizar informa\u00e7\u00f5es de maneira sistem\u00e1tica, equilibrando a precis\u00e3o cient\u00edfica com a sensibilidade necess\u00e1ria para interpretar a experi\u00eancia \u00fanica de cada paciente pedi\u00e1trico.<\/p>\n\n\n\n<p class=\"\">Aqui se comparam os componentes do registro objetivo e subjetivo para uma nota cl\u00ednica pedi\u00e1trica completa:<\/p>\n\n\n\n<figure class=\"wp-block-table\"><table class=\"has-fixed-layout\"><thead><tr><th>Tipo de dado<\/th><th>Exemplo Espec\u00edfico<\/th><th>Impacto cl\u00ednico<\/th><th>Origem da informa\u00e7\u00e3o<\/th><\/tr><\/thead><tbody><tr><td>Alvo<\/td><td>Altura, peso, sinais vitais<\/td><td>Rastreamento de padr\u00f5es de sa\u00fade<\/td><td>Medi\u00e7\u00e3o direta, exame f\u00edsico<\/td><\/tr><tr><td>Subjetivo<\/td><td>Sintomas observados, preocupa\u00e7\u00f5es familiares<\/td><td>Interpreta\u00e7\u00e3o hol\u00edstica e emocional<\/td><td>Padres, pacientes, cuidadores<\/td><\/tr><\/tbody><\/table><\/figure>\n\n\n\n<p class=\"\"><em><strong>Aconselhamento profissional:<\/strong><\/em> <em>Documente sempre as percep\u00e7\u00f5es dos pais juntamente com suas observa\u00e7\u00f5es objetivas para criar um registro cl\u00ednico verdadeiramente abrangente.<\/em><\/p>\n\n\n\n<h2 class=\"wp-block-heading\" id=\"errores-frecuentes-y-como-evitarlos\">Erros comuns e como evit\u00e1-los<\/h2>\n\n\n\n<p class=\"\"><a href=\"https:\/\/iris.paho.org\/handle\/10665.2\/49097\/9789275320068-spa.pdf?sequence=5\" rel=\"nofollow\">Os erros no cuidado pedi\u00e1trico podem surgir de m\u00faltiplos fatores sist\u00eamicos e humanos.<\/a>, comprometendo a qualidade e a seguran\u00e7a da aten\u00e7\u00e3o m\u00e9dica. Identificar e compreender esses erros constitui um passo crucial para desenvolver estrat\u00e9gias preventivas que protejam a sa\u00fade dos pacientes mais vulner\u00e1veis.<\/p>\n\n\n\n<p class=\"\"><a href=\"https:\/\/fundacionspine.org\/index.php\/2025\/04\/17\/error-diagnostico-y-estrategias-para-reducirlo\/\" rel=\"nofollow\">Os erros diagn\u00f3sticos em pediatria geralmente se originam em falhas cognitivas, comunicacionais e atitudinais.<\/a> que podem afetar significativamente o processo de avalia\u00e7\u00e3o e tratamento. Reconhecer esses pontos fracos permite implementar melhorias substanciais na pr\u00e1tica cl\u00ednica.<\/p>\n\n\n\n<p class=\"\">Os erros mais frequentes no exame f\u00edsico pedi\u00e1trico incluem:<\/p>\n\n\n\n<ol class=\"wp-block-list\">\n<li class=\"\"><p><strong>Erros de valora\u00e7\u00e3o<\/strong>:<\/p>\n<ul class=\"wp-block-list\">\n<li class=\"\">Omiss\u00e3o de dados subjetivos<\/li>\n\n\n\n<li class=\"\">Interpreta\u00e7\u00e3o apressada de sintomas<\/li>\n\n\n\n<li class=\"\">Minimiza\u00e7\u00e3o de preocupa\u00e7\u00f5es familiares<\/li>\n\n\n\n<li class=\"\">Falta de considera\u00e7\u00e3o do contexto integral<\/li>\n<\/ul>\n<\/li>\n\n\n\n<li class=\"\"><p><strong>Erros de documenta\u00e7\u00e3o<\/strong>:<\/p>\n<ul class=\"wp-block-list\">\n<li class=\"\">Registros incompletos<\/li>\n\n\n\n<li class=\"\">Informa\u00e7\u00e3o pouco clara<\/li>\n\n\n\n<li class=\"\">Falta de acompanhamento das descobertas<\/li>\n\n\n\n<li class=\"\">Aus\u00eancia de detalhes relevantes<\/li>\n<\/ul>\n<\/li>\n\n\n\n<li class=\"\"><p><strong>Erros de comunica\u00e7\u00e3o<\/strong>:<\/p>\n<ul class=\"wp-block-list\">\n<li class=\"\">Linguagem t\u00e9cnica incompreens\u00edvel<\/li>\n\n\n\n<li class=\"\">Comunica\u00e7\u00e3o deficiente com a fam\u00edlia<\/li>\n\n\n\n<li class=\"\">Falta de empatia<\/li>\n\n\n\n<li class=\"\">N\u00e3o explicar procedimentos<\/li>\n<\/ul>\n<\/li>\n\n\n\n<li class=\"\"><p><strong>Erros t\u00e9cnicos<\/strong>:<\/p>\n<ul class=\"wp-block-list\">\n<li class=\"\">T\u00e9cnicas explorat\u00f3rias inadequadas<\/li>\n\n\n\n<li class=\"\">Uso incorreto de instrumental<\/li>\n\n\n\n<li class=\"\">Inadequa\u00e7\u00e3o \u00e0 idade do paciente<\/li>\n\n\n\n<li class=\"\">Omiss\u00e3o de etapas no exame<\/li>\n<\/ul>\n<\/li>\n<\/ol>\n\n\n\n<p class=\"\">Para prevenir estes erros, recomenda-se:<\/p>\n\n\n\n<ul class=\"wp-block-list\">\n<li class=\"\">Implementar protocolos padronizados<\/li>\n\n\n\n<li class=\"\">Realizar capacita\u00e7\u00e3o cont\u00ednua<\/li>\n\n\n\n<li class=\"\">Praticar comunica\u00e7\u00e3o eficaz<\/li>\n\n\n\n<li class=\"\">Manter uma atitude de escuta ativa<\/li>\n\n\n\n<li class=\"\">Documentar rigorosamente<\/li>\n\n\n\n<li class=\"\">Realizar revis\u00f5es peri\u00f3dicas<\/li>\n<\/ul>\n\n\n\n<p class=\"\">A preven\u00e7\u00e3o de erros requer um compromisso institucional e pessoal, onde cada profissional assuma a responsabilidade de aprimorar constantemente suas pr\u00e1ticas cl\u00ednicas, mantendo sempre como prioridade a seguran\u00e7a e o bem-estar do paciente pedi\u00e1trico.<\/p>\n\n\n\n<p class=\"\"><em><strong>Aconselhamento profissional:<\/strong><\/em> <em>Desenvolva uma pr\u00e1tica de autocr\u00edtica construtiva, revisando periodicamente seus procedimentos para identificar e corrigir potenciais \u00e1reas de aprimoramento.<\/em><\/p>\n\n\n\n<h2 class=\"wp-block-heading\" id=\"impacto-en-la-atencion-y-toma-de-decisiones\">Impacto na aten\u00e7\u00e3o e tomada de decis\u00f5es<\/h2>\n\n\n\n<p class=\"\"><a href=\"https:\/\/medlineplus.gov\/spanish\/ency\/article\/001928.htm\" rel=\"nofollow\">O exame f\u00edsico pedi\u00e1trico representa uma ferramenta cr\u00edtica para a detec\u00e7\u00e3o precoce e preven\u00e7\u00e3o de problemas de sa\u00fade.<\/a>, permitindo que os profissionais m\u00e9dicos avaliem de forma abrangente o crescimento e o desenvolvimento da crian\u00e7a. Esta pr\u00e1tica sistem\u00e1tica n\u00e3o s\u00f3 fornece informa\u00e7\u00f5es imediatas, mas tamb\u00e9m estabelece uma base fundamental para o acompanhamento longitudinal da sa\u00fade infantil.<\/p>\n\n\n\n<p class=\"\">A avalia\u00e7\u00e3o inicial em pediatria impacta diretamente na tomada de decis\u00f5es cl\u00ednicas, utilizando ferramentas como o tri\u00e2ngulo de avalia\u00e7\u00e3o pedi\u00e1trica para classificar rapidamente a gravidade e orientar o manejo adequado. Cada exame f\u00edsico se torna um momento estrat\u00e9gico que pode definir a trajet\u00f3ria completa do tratamento.<\/p>\n\n\n\n<p class=\"\">Os impactos mais significativos do exame f\u00edsico na aten\u00e7\u00e3o pedi\u00e1trica incluem:<\/p>\n\n\n\n<ol class=\"wp-block-list\">\n<li class=\"\"><p><strong>Detec\u00e7\u00e3o precoce de condi\u00e7\u00f5es<\/strong>:<\/p>\n<ul class=\"wp-block-list\">\n<li class=\"\">Identifica\u00e7\u00e3o precoce de altera\u00e7\u00f5es do desenvolvimento<\/li>\n\n\n\n<li class=\"\">Reconhecimento de sinais sutis de doen\u00e7a<\/li>\n\n\n\n<li class=\"\">Interven\u00e7\u00e3o oportuna em patologias emergentes<\/li>\n\n\n\n<li class=\"\">Preven\u00e7\u00e3o de complica\u00e7\u00f5es futuras<\/li>\n<\/ul>\n<\/li>\n\n\n\n<li class=\"\"><p><strong>Tomada de decis\u00e3o cl\u00ednica<\/strong>:<\/p>\n<ul class=\"wp-block-list\">\n<li class=\"\">Defini\u00e7\u00e3o de estrat\u00e9gias terap\u00eauticas personalizadas<\/li>\n\n\n\n<li class=\"\">Prioriza\u00e7\u00e3o de interven\u00e7\u00f5es<\/li>\n\n\n\n<li class=\"\">Ajuste de tratamentos existentes<\/li>\n\n\n\n<li class=\"\">Encaminhamento a especialistas quando necess\u00e1rio<\/li>\n<\/ul>\n<\/li>\n\n\n\n<li class=\"\"><p><strong>Acompanhamento do desenvolvimento<\/strong>:<\/p>\n<ul class=\"wp-block-list\">\n<li class=\"\">Monitoramento de curvas de crescimento<\/li>\n\n\n\n<li class=\"\">Avalia\u00e7\u00e3o de marcos neurol\u00f3gicos<\/li>\n\n\n\n<li class=\"\">Controle do desenvolvimento psicomotor<\/li>\n\n\n\n<li class=\"\">Identifica\u00e7\u00e3o de potenciais atrasos<\/li>\n<\/ul>\n<\/li>\n\n\n\n<li class=\"\"><p><strong>Impacto psicossocial<\/strong>:<\/p>\n<ul class=\"wp-block-list\">\n<li class=\"\">Gera\u00e7\u00e3o de Confian\u00e7a Familiar<\/li>\n\n\n\n<li class=\"\">Comunica\u00e7\u00e3o clara sobre o estado de sa\u00fade<\/li>\n\n\n\n<li class=\"\">Redu\u00e7\u00e3o da ansiedade parental<\/li>\n\n\n\n<li class=\"\">Constru\u00e7\u00e3o de relacionamento m\u00e9dico-paciente<\/li>\n<\/ul>\n<\/li>\n<\/ol>\n\n\n\n<p class=\"\">Cada explora\u00e7\u00e3o f\u00edsica representa mais do que um simples procedimento t\u00e9cnico; constitui um encontro hol\u00edstico onde convergem dados objetivos, percep\u00e7\u00f5es subjetivas e a experi\u00eancia cl\u00ednica do profissional. A integra\u00e7\u00e3o desses elementos permite uma compreens\u00e3o multidimensional que vai al\u00e9m da simples identifica\u00e7\u00e3o de sintomas.<\/p>\n\n\n\n<p class=\"\">Os profissionais de sa\u00fade devem compreender que cada exame f\u00edsico \u00e9 uma oportunidade \u00fanica para construir uma narrativa abrangente da sa\u00fade infantil, onde cada achado pode ter implica\u00e7\u00f5es profundas para o bem-estar presente e futuro do paciente.<\/p>\n\n\n\n<p class=\"\"><em><strong>Aconselhamento profissional:<\/strong><\/em> <em>Desenvolva uma metodologia de registro que permita capturar n\u00e3o apenas os dados objetivos, mas tamb\u00e9m o contexto integral e as percep\u00e7\u00f5es familiares durante cada explora\u00e7\u00e3o.<\/em><\/p>\n\n\n\n<h2 class=\"wp-block-heading\" id=\"optimiza-la-documentacion-clinica-pediatrica-con-tecnologia-inteligente\">Otimize a Documenta\u00e7\u00e3o Cl\u00ednica Pedi\u00e1trica com Tecnologia Inteligente<\/h2>\n\n\n\n<p class=\"\">O artigo destaca a import\u00e2ncia de um prontu\u00e1rio pedi\u00e1trico completo e estruturado, integrando dados objetivos e subjetivos para garantir uma avalia\u00e7\u00e3o integral do paciente. Contudo, a complexidade na coleta e sistematiza\u00e7\u00e3o dessas informa\u00e7\u00f5es pode ser um desafio que consome tempo valioso e gera erros na documenta\u00e7\u00e3o, afetando a qualidade do diagn\u00f3stico e do acompanhamento. Conceitos chave como a metodologia SOAP, o equil\u00edbrio entre registros objetivos e subjetivos, e a necessidade de uma nota cl\u00ednica clara e detalhada podem ser otimizados com as solu\u00e7\u00f5es adequadas.<\/p>\n\n\n\n<p class=\"\">Deseja reduzir a carga administrativa e aprimorar a precis\u00e3o em suas anota\u00e7\u00f5es cl\u00ednicas? Descubra como. <a href=\"https:\/\/itaca.ai\/pt\/\">Itaca<\/a> facilita a gera\u00e7\u00e3o autom\u00e1tica de notas estruturadas, resumos de visitas e respostas cl\u00ednicas baseadas em evid\u00eancias \u2014 tudo adaptado ao seu fluxo de trabalho e com total respeito pela privacidade.<\/p>\n\n\n\n<figure class=\"wp-block-image is-resized\"><img data-recalc-dims=\"1\" decoding=\"async\" src=\"https:\/\/i0.wp.com\/csuxjmfbwmkxiegfpljm.supabase.co\/storage\/v1\/object\/public\/blog-images\/organization-66\/1758854080985_itaca.jpg?ssl=1\" alt=\"https:\/\/itaca.ai\" style=\"width:756px;height:auto\"\/><\/figure>\n\n\n\n<p class=\"\"><\/p>\n\n\n\n<p class=\"\">Explore nossa cole\u00e7\u00e3o de recursos em <a href=\"https:\/\/itaca.ai\/pt\/categoria\/guias\/\">Guias Archives - Itaca<\/a> para entender melhor como a intelig\u00eancia artificial pode transformar sua pr\u00e1tica. Adicionalmente, informe-se sobre as \u00faltimas atualiza\u00e7\u00f5es em <a href=\"https:\/\/itaca.ai\/pt\/categoria\/novos-recursos\/\">Arquivos de novos recursos - Itaca<\/a> e leve sua documenta\u00e7\u00e3o para o pr\u00f3ximo n\u00edvel agora mesmo. N\u00e3o adie a oportunidade de oferecer atendimento pedi\u00e1trico mais seguro, \u00e1gil e confi\u00e1vel com a Itaca.<\/p>\n\n\n\n<h2 class=\"wp-block-heading\" id=\"preguntas-frecuentes\">Perguntas frequentes<\/h2>\n\n\n\n<h4 class=\"wp-block-heading\" id=\"que-se-evalua-en-un-examen-fisico-pediatrico\">O que \u00e9 avaliado em um exame f\u00edsico pedi\u00e1trico?<\/h4>\n\n\n\n<p class=\"\">Em um exame f\u00edsico pedi\u00e1trico, \u00e9 avaliado o estado geral de sa\u00fade da crian\u00e7a, detectam-se condi\u00e7\u00f5es cl\u00ednicas e monitoram-se o crescimento e o desenvolvimento infantil, entre outros aspectos.<\/p>\n\n\n\n<h4 class=\"wp-block-heading\" id=\"cuales-son-las-tecnicas-exploratorias-utilizadas-en-el-examen-fisico-pediatrico\">Quais s\u00e3o as t\u00e9cnicas explorat\u00f3rias utilizadas no exame f\u00edsico pedi\u00e1trico?<\/h4>\n\n\n\n<p class=\"\">As t\u00e9cnicas explorat\u00f3rias s\u00e3o inspe\u00e7\u00e3o, palpa\u00e7\u00e3o, percuss\u00e3o e ausculta\u00e7\u00e3o, cada uma com um prop\u00f3sito espec\u00edfico para obter informa\u00e7\u00f5es diagn\u00f3sticas precisas.<\/p>\n\n\n\n<h4 class=\"wp-block-heading\" id=\"como-varia-el-examen-fisico-segun-la-edad-del-nino\">Como o exame f\u00edsico varia de acordo com a idade da crian\u00e7a?<\/h4>\n\n\n\n<p class=\"\">O exame f\u00edsico \u00e9 adaptado a cada etapa de desenvolvimento, abordando marcos espec\u00edficos em rec\u00e9m-nascidos, lactentes, pr\u00e9-escolares, escolares e adolescentes.<\/p>\n\n\n\n<h4 class=\"wp-block-heading\" id=\"que-errores-comunes-se-deben-evitar-durante-el-examen-fisico-pediatrico\">Que erros comuns devem ser evitados durante o exame f\u00edsico pedi\u00e1trico?<\/h4>\n\n\n\n<p class=\"\">Os erros comuns incluem a omiss\u00e3o de dados subjetivos, registros incompletos, comunica\u00e7\u00e3o deficiente com a fam\u00edlia e uso inapropriado de t\u00e9cnicas explorat\u00f3rias.<\/p>\n\n\n\n<h2 class=\"wp-block-heading\" id=\"recomendacion\">Recomenda\u00e7\u00e3o<\/h2>\n\n\n\n<ul class=\"wp-block-list\">\n<li class=\"\"><a href=\"https:\/\/itaca.ai\/pt\/novos-recursos\/resumos-de-pacientes-mais-claros-confiantes-e-alinhados-para-sua-pratica\/\">Resumos do paciente: mais claros, mais seguros e alinhados com sua pr\u00e1tica - Itaca<\/a><\/li>\n<\/ul>","protected":false},"excerpt":{"rendered":"<p>Elementos essenciais do exame f\u00edsico pedi\u00e1trico para um prontu\u00e1rio cl\u00ednico completo. Cobertura de t\u00e9cnicas, varia\u00e7\u00f5es por idade e erros comuns.<\/p>","protected":false},"author":2,"featured_media":911,"comment_status":"open","ping_status":"open","sticky":false,"template":"","format":"standard","meta":{"nf_dc_page":"","slim_seo":{"title":"Elementos esenciales del examen f\u00edsico pedi\u00e1trico: Garant\u00eda de documentaci\u00f3n cl\u00ednica completa - Itaca","description":"Elementos essenciais do exame f\u00edsico pedi\u00e1trico para um prontu\u00e1rio cl\u00ednico completo. Cobertura de t\u00e9cnicas, varia\u00e7\u00f5es por idade e erros comuns."},"_jetpack_memberships_contains_paid_content":false,"footnotes":""},"categories":[15],"tags":[],"class_list":["post-910","post","type-post","status-publish","format-standard","has-post-thumbnail","hentry","category-guides"],"jetpack_featured_media_url":"https:\/\/i0.wp.com\/itaca.ai\/wp-content\/uploads\/2025\/12\/image_1766999761560.png?fit=1344%2C768&ssl=1","jetpack_sharing_enabled":true,"_links":{"self":[{"href":"https:\/\/itaca.ai\/pt\/wp-json\/wp\/v2\/posts\/910","targetHints":{"allow":["GET"]}}],"collection":[{"href":"https:\/\/itaca.ai\/pt\/wp-json\/wp\/v2\/posts"}],"about":[{"href":"https:\/\/itaca.ai\/pt\/wp-json\/wp\/v2\/types\/post"}],"author":[{"embeddable":true,"href":"https:\/\/itaca.ai\/pt\/wp-json\/wp\/v2\/users\/2"}],"replies":[{"embeddable":true,"href":"https:\/\/itaca.ai\/pt\/wp-json\/wp\/v2\/comments?post=910"}],"version-history":[{"count":2,"href":"https:\/\/itaca.ai\/pt\/wp-json\/wp\/v2\/posts\/910\/revisions"}],"predecessor-version":[{"id":1199,"href":"https:\/\/itaca.ai\/pt\/wp-json\/wp\/v2\/posts\/910\/revisions\/1199"}],"wp:featuredmedia":[{"embeddable":true,"href":"https:\/\/itaca.ai\/pt\/wp-json\/wp\/v2\/media\/911"}],"wp:attachment":[{"href":"https:\/\/itaca.ai\/pt\/wp-json\/wp\/v2\/media?parent=910"}],"wp:term":[{"taxonomy":"category","embeddable":true,"href":"https:\/\/itaca.ai\/pt\/wp-json\/wp\/v2\/categories?post=910"},{"taxonomy":"post_tag","embeddable":true,"href":"https:\/\/itaca.ai\/pt\/wp-json\/wp\/v2\/tags?post=910"}],"curies":[{"name":"wp","href":"https:\/\/api.w.org\/{rel}","templated":true}]}}